[{"id":34303,"parent_id":null,"title":"Einrichtungen","name":"Einrichtungen","href":"https:\/\/einrichtungen.ruhr-uni-bochum.de\/de\/einrichtungen","checksum":"aa1e15986234695ed8b9c49e1421b498","disabled":"","groups":[{"id":34379,"title":null,"name":"Puffer 1. Spalte","href":"https:\/\/einrichtungen.ruhr-uni-bochum.de\/de\/fakultaeten","disabled":"","items":[{"id":35043,"parent_id":34303,"title":"\u00dcbersicht ","name":"\u00dcbersicht","href":"https:\/\/einrichtungen.ruhr-uni-bochum.de\/de","checksum":"46bfa8f899c9116214edf6324bc6a716","disabled":"","has_children":false},{"id":34474,"parent_id":34303,"title":"Fakult\u00e4ten","name":"Fakult\u00e4ten","href":"https:\/\/einrichtungen.ruhr-uni-bochum.de\/de\/fakultaeten","checksum":"7bab9168e00444429234700a2d65f4d4","disabled":"","has_children":true},{"id":34383,"parent_id":34303,"title":"Leitung und Gremien","name":"Leitung und Gremien","href":"https:\/\/einrichtungen.ruhr-uni-bochum.de\/de\/leitung-und-gremien","checksum":"6e0559be7d23c313b9e54f58a2f4768c","disabled":"","has_children":true}]},{"id":34307,"title":null,"name":"Puffer 2. Spalte","href":"","disabled":"","items":[{"id":34324,"parent_id":34303,"title":"Dezernate","name":"Dezernate","href":"https:\/\/einrichtungen.ruhr-uni-bochum.de\/de\/dezernate-der-verwaltung","checksum":"13be49ba8a5f4370fad33d6bfd07161f","disabled":"","has_children":true},{"id":34569,"parent_id":34303,"title":"Stabsstellen","name":"Stabsstellen","href":"https:\/\/einrichtungen.ruhr-uni-bochum.de\/de\/stabsstellen-der-rub","checksum":"67f07cfb4b118612d659069215cfbc14","disabled":"","has_children":true},{"id":34719,"parent_id":34303,"title":"Beauftragte und Vertretungen","name":"Beauftragte und Vertretungen","href":"https:\/\/einrichtungen.ruhr-uni-bochum.de\/de\/beauftragte-und-vertretungen","checksum":"2514878bc992b8559721530ed012650e","disabled":"","has_children":false},{"id":36197,"parent_id":34303,"title":"Gesch\u00e4ftsordnung der Verwaltung","name":"Gesch\u00e4ftsordnung der Verwaltung","href":"https:\/\/einrichtungen.ruhr-uni-bochum.de\/de\/geschaeftsordnung-der-verwaltung","checksum":"e854b122437e92e2d1a15d09e3941e2a","disabled":"disabled","has_children":false},{"id":35462,"parent_id":34303,"title":"Leitbild der Verwaltung","name":"Leitbild der Verwaltung","href":"https:\/\/einrichtungen.ruhr-uni-bochum.de\/de\/leitbild-der-verwaltung","checksum":"173113c4c2e4c8a8e577cfee1ac95438","disabled":"disabled","has_children":false},{"id":35450,"parent_id":34303,"title":"Organisationsplan","name":"Organisationsplan Verwaltung","href":"https:\/\/einrichtungen.ruhr-uni-bochum.de\/de\/organisationsplan-der-verwaltung","checksum":"45d495dc9236a7c30203d21431a370b8","disabled":"disabled","has_children":false},{"id":35914,"parent_id":34303,"title":"St\u00e4ndige Vertretungen der Kanzlerin","name":"St\u00e4ndige Vertretungen","href":"https:\/\/einrichtungen.ruhr-uni-bochum.de\/de\/staendiger-vertreter-der-kanzlerin","checksum":"04694ce3e60ec1b45d8def7164fec612","disabled":"disabled","has_children":false},{"id":35847,"parent_id":34303,"title":"Betriebliches Eingliederungsmanagement ","name":"Betriebliches Eingliederungsmanagement","href":"https:\/\/einrichtungen.ruhr-uni-bochum.de\/de\/beauftragte-fuer-das-betriebliche-eingliederungsmanagement-bem","checksum":"f10811a2ce4d39b6110719977500fe03","disabled":"disabled","has_children":false},{"id":35039,"parent_id":34303,"title":"Belange Studierender mit Behinderungen","name":"Belange Studierender mit Behinderungen","href":"https:\/\/einrichtungen.ruhr-uni-bochum.de\/de\/beauftragte-fuer-die-belange-der-studierenden-mit-behinderungen-undoder-chronischen-erkrankungen","checksum":"2e30d0d7ff64a25cac1fc53c1ab122e0","disabled":"disabled","has_children":false},{"id":35907,"parent_id":34303,"title":"Betriebliche Suchtbeauftragte","name":"Betriebliche Suchtbeauftragte","href":"https:\/\/einrichtungen.ruhr-uni-bochum.de\/de\/beratung-herausfordernden-situationen","checksum":"1beecbab564598000cf058a30ea13495","disabled":"disabled","has_children":false},{"id":35407,"parent_id":34303,"title":"Diversit\u00e4t und Antidiskriminierung ","name":"Diversit\u00e4t und Antidiskriminierung","href":"https:\/\/einrichtungen.ruhr-uni-bochum.de\/de\/antidiskriminierungsstelle-der-rub","checksum":"6272fb7d1813f70567e7c53fccbb5eb5","disabled":"disabled","has_children":false},{"id":35949,"parent_id":34303,"title":"Inklusion","name":"Inklusion","href":"https:\/\/einrichtungen.ruhr-uni-bochum.de\/de\/inklusionsbeauftragte","checksum":"c89ee0fa1ec81eaf879e268b33daf864","disabled":"disabled","has_children":false}]},{"id":34492,"title":null,"name":"Puffer 3. Spalte","href":"https:\/\/einrichtungen.ruhr-uni-bochum.de\/de","disabled":"","items":[{"id":35987,"parent_id":34303,"title":"Konflikt am Studienplatz","name":"Konflikt am Studienplatz","href":"https:\/\/einrichtungen.ruhr-uni-bochum.de\/de\/konflikt-am-studienplatz-anlaufstellen-fuer-studierende","checksum":"eb053d07712df3ae7818bb0bb39660c6","disabled":"disabled","has_children":false},{"id":34607,"parent_id":34303,"title":"Beschwerdestelle f\u00fcr Besch\u00e4ftigte","name":"Beschwerdestelle f\u00fcr Besch\u00e4ftigte","href":"https:\/\/einrichtungen.ruhr-uni-bochum.de\/de\/beschwerdestelle-fuer-beschaeftigte","checksum":"31165586ddc99ff91d9ed4ebf2645ecb","disabled":"disabled","has_children":false},{"id":35330,"parent_id":34303,"title":"Konflikt am Arbeitsplatz","name":"Konflikt am Arbeitsplatz","href":"https:\/\/einrichtungen.ruhr-uni-bochum.de\/de\/konflikt-am-arbeitsplatz","checksum":"23c032843472e0501cfbcc71d462fdcf","disabled":"disabled","has_children":false},{"id":34496,"parent_id":34303,"title":"Weitere Einrichtungen","name":"Weitere Einrichtungen","href":"https:\/\/einrichtungen.ruhr-uni-bochum.de\/de\/weitere-einrichtungen","checksum":"6eece37cb989536a0a5bbf37a1dd9cc1","disabled":"","has_children":true}]}]}]